{"id":6806,"date":"2021-02-17T13:51:18","date_gmt":"2021-02-17T12:51:18","guid":{"rendered":"https:\/\/www.wtcmp.com\/?p=6806"},"modified":"2021-02-17T13:55:27","modified_gmt":"2021-02-17T12:55:27","slug":"tour-de-la-provence","status":"publish","type":"post","link":"https:\/\/www.wtcmp.com\/en\/2021\/02\/17\/tour-de-la-provence\/","title":{"rendered":"Tour de La Provence"},"content":{"rendered":"\n<p>The World Trade Center Marseille Provence is proud of its latest partnership with the famous cycling race Tour de La Provence. The competition took place last week (from Thursday 11th to Sunday 14th of February). <\/p>\n\n\n\n<h2 class=\"wp-block-heading\">20 teams, 630 km, 4 days. <\/h2>\n\n\n\n<p>The 630 km long competition started in Aubagne and ended in Salon de Provence. The race offered magnificent views, between sea, mountains and hills of Provence.<\/p>\n\n\n\n<p>The riders of the 20 competing teams from all around the world, had the chance to climb up one of the most beautiful hill in the South of France : the Mont Ventoux, along with Julian Allaphilippe, winner of several races (Milan-San Remo in 2019 and the World Championships in 2020 amongst many others). <\/p>\n\n\n\n<p>The WTCMP was on the departure line last friday : check out our photos and video !<\/p>\n\n\n\n<p>Congratulations to all riders !<\/p>\n\n\n\n<div class=\"wp-block-jetpack-slideshow aligncenter\" data-effect=\"slide\"><div class=\"wp-block-jetpack-slideshow_container swiper-container\"><ul class=\"wp-block-jetpack-slideshow_swiper-wrapper swiper-wrapper\"><li class=\"wp-block-jetpack-slideshow_slide swiper-slide\"><figure><img loading=\"lazy\" decoding=\"async\" width=\"1024\" height=\"1024\" alt=\"Centre de congr\u00e8s &amp; centre d&#039;affaires \u00e0 marseille et Paris\" class=\"wp-block-jetpack-slideshow_image wp-image-6777\" data-id=\"6777\" src=\"https:\/\/www.wtcmp.com\/wp-content\/uploads\/2021\/02\/Tour-de-La-Provence1-1024x1024.jpg\" title=\"\" srcset=\"https:\/\/www.wtcmp.com\/wp-content\/uploads\/2021\/02\/Tour-de-La-Provence1-1024x1024.jpg 1024w, https:\/\/www.wtcmp.com\/wp-content\/uploads\/2021\/02\/Tour-de-La-Provence1-300x300.jpg 300w, https:\/\/www.wtcmp.com\/wp-content\/uploads\/2021\/02\/Tour-de-La-Provence1-150x150.jpg 150w, https:\/\/www.wtcmp.com\/wp-content\/uploads\/2021\/02\/Tour-de-La-Provence1-768x768.jpg 768w, https:\/\/www.wtcmp.com\/wp-content\/uploads\/2021\/02\/Tour-de-La-Provence1.jpg 1440w\" sizes=\"auto, (max-width: 1024px) 100vw, 1024px\" \/><\/figure><\/li><li class=\"wp-block-jetpack-slideshow_slide swiper-slide\"><figure><img loading=\"lazy\" decoding=\"async\" width=\"1024\" height=\"1024\" alt=\"Centre de congr\u00e8s &amp; centre d&#039;affaires \u00e0 marseille et Paris\" class=\"wp-block-jetpack-slideshow_image wp-image-6778\" data-id=\"6778\" src=\"https:\/\/www.wtcmp.com\/wp-content\/uploads\/2021\/02\/Tour-de-La-Provence2-1024x1024.jpg\" title=\"\" srcset=\"https:\/\/www.wtcmp.com\/wp-content\/uploads\/2021\/02\/Tour-de-La-Provence2-1024x1024.jpg 1024w, https:\/\/www.wtcmp.com\/wp-content\/uploads\/2021\/02\/Tour-de-La-Provence2-300x300.jpg 300w, https:\/\/www.wtcmp.com\/wp-content\/uploads\/2021\/02\/Tour-de-La-Provence2-150x150.jpg 150w, https:\/\/www.wtcmp.com\/wp-content\/uploads\/2021\/02\/Tour-de-La-Provence2-768x768.jpg 768w, https:\/\/www.wtcmp.com\/wp-content\/uploads\/2021\/02\/Tour-de-La-Provence2.jpg 1440w\" sizes=\"auto, (max-width: 1024px) 100vw, 1024px\" \/><\/figure><\/li><li class=\"wp-block-jetpack-slideshow_slide swiper-slide\"><figure><img loading=\"lazy\" decoding=\"async\" width=\"1024\" height=\"1024\" alt=\"Centre de congr\u00e8s &amp; centre d&#039;affaires \u00e0 marseille et Paris\" class=\"wp-block-jetpack-slideshow_image wp-image-6779\" data-id=\"6779\" src=\"https:\/\/www.wtcmp.com\/wp-content\/uploads\/2021\/02\/Tour-de-La-Provence3-1024x1024.jpg\" title=\"\" srcset=\"https:\/\/www.wtcmp.com\/wp-content\/uploads\/2021\/02\/Tour-de-La-Provence3-1024x1024.jpg 1024w, https:\/\/www.wtcmp.com\/wp-content\/uploads\/2021\/02\/Tour-de-La-Provence3-300x300.jpg 300w, https:\/\/www.wtcmp.com\/wp-content\/uploads\/2021\/02\/Tour-de-La-Provence3-150x150.jpg 150w, https:\/\/www.wtcmp.com\/wp-content\/uploads\/2021\/02\/Tour-de-La-Provence3-768x768.jpg 768w, https:\/\/www.wtcmp.com\/wp-content\/uploads\/2021\/02\/Tour-de-La-Provence3.jpg 1440w\" sizes=\"auto, (max-width: 1024px) 100vw, 1024px\" \/><\/figure><\/li><li class=\"wp-block-jetpack-slideshow_slide swiper-slide\"><figure><img loading=\"lazy\" decoding=\"async\" width=\"1024\" height=\"1024\" alt=\"Centre de congr\u00e8s &amp; centre d&#039;affaires \u00e0 marseille et Paris\" class=\"wp-block-jetpack-slideshow_image wp-image-6780\" data-id=\"6780\" src=\"https:\/\/www.wtcmp.com\/wp-content\/uploads\/2021\/02\/Tour-de-La-Provence4-1024x1024.jpg\" title=\"\" srcset=\"https:\/\/www.wtcmp.com\/wp-content\/uploads\/2021\/02\/Tour-de-La-Provence4-1024x1024.jpg 1024w, https:\/\/www.wtcmp.com\/wp-content\/uploads\/2021\/02\/Tour-de-La-Provence4-300x300.jpg 300w, https:\/\/www.wtcmp.com\/wp-content\/uploads\/2021\/02\/Tour-de-La-Provence4-150x150.jpg 150w, https:\/\/www.wtcmp.com\/wp-content\/uploads\/2021\/02\/Tour-de-La-Provence4-768x768.jpg 768w, https:\/\/www.wtcmp.com\/wp-content\/uploads\/2021\/02\/Tour-de-La-Provence4.jpg 1440w\" sizes=\"auto, (max-width: 1024px) 100vw, 1024px\" \/><\/figure><\/li><li class=\"wp-block-jetpack-slideshow_slide swiper-slide\"><figure><img loading=\"lazy\" decoding=\"async\" width=\"1024\" height=\"768\" alt=\"Centre de congr\u00e8s &amp; centre d&#039;affaires \u00e0 marseille et Paris\" class=\"wp-block-jetpack-slideshow_image wp-image-6789\" data-id=\"6789\" src=\"https:\/\/www.wtcmp.com\/wp-content\/uploads\/2021\/02\/Tour-de-La-Provence5-1024x768.jpg\" title=\"\" srcset=\"https:\/\/www.wtcmp.com\/wp-content\/uploads\/2021\/02\/Tour-de-La-Provence5-1024x768.jpg 1024w, https:\/\/www.wtcmp.com\/wp-content\/uploads\/2021\/02\/Tour-de-La-Provence5-300x225.jpg 300w, https:\/\/www.wtcmp.com\/wp-content\/uploads\/2021\/02\/Tour-de-La-Provence5-768x576.jpg 768w, https:\/\/www.wtcmp.com\/wp-content\/uploads\/2021\/02\/Tour-de-La-Provence5-1536x1152.jpg 1536w, https:\/\/www.wtcmp.com\/wp-content\/uploads\/2021\/02\/Tour-de-La-Provence5.jpg 1600w\" sizes=\"auto, (max-width: 1024px) 100vw, 1024px\" \/><\/figure><\/li><li class=\"wp-block-jetpack-slideshow_slide swiper-slide\"><figure><img loading=\"lazy\" decoding=\"async\" width=\"1024\" height=\"768\" alt=\"Centre de congr\u00e8s &amp; centre d&#039;affaires \u00e0 marseille et Paris\" class=\"wp-block-jetpack-slideshow_image wp-image-6790\" data-id=\"6790\" src=\"https:\/\/www.wtcmp.com\/wp-content\/uploads\/2021\/02\/Tour-de-La-Provence6-1024x768.jpg\" title=\"\" srcset=\"https:\/\/www.wtcmp.com\/wp-content\/uploads\/2021\/02\/Tour-de-La-Provence6-1024x768.jpg 1024w, https:\/\/www.wtcmp.com\/wp-content\/uploads\/2021\/02\/Tour-de-La-Provence6-300x225.jpg 300w, https:\/\/www.wtcmp.com\/wp-content\/uploads\/2021\/02\/Tour-de-La-Provence6-768x576.jpg 768w, https:\/\/www.wtcmp.com\/wp-content\/uploads\/2021\/02\/Tour-de-La-Provence6-1536x1152.jpg 1536w, https:\/\/www.wtcmp.com\/wp-content\/uploads\/2021\/02\/Tour-de-La-Provence6.jpg 1600w\" sizes=\"auto, (max-width: 1024px) 100vw, 1024px\" \/><\/figure><\/li><li class=\"wp-block-jetpack-slideshow_slide swiper-slide\"><figure><img loading=\"lazy\" decoding=\"async\" width=\"1024\" height=\"768\" alt=\"Centre de congr\u00e8s &amp; centre d&#039;affaires \u00e0 marseille et Paris\" class=\"wp-block-jetpack-slideshow_image wp-image-6791\" data-id=\"6791\" src=\"https:\/\/www.wtcmp.com\/wp-content\/uploads\/2021\/02\/Tour-de-La-Provence7-1024x768.jpg\" title=\"\" srcset=\"https:\/\/www.wtcmp.com\/wp-content\/uploads\/2021\/02\/Tour-de-La-Provence7-1024x768.jpg 1024w, https:\/\/www.wtcmp.com\/wp-content\/uploads\/2021\/02\/Tour-de-La-Provence7-300x225.jpg 300w, https:\/\/www.wtcmp.com\/wp-content\/uploads\/2021\/02\/Tour-de-La-Provence7-768x576.jpg 768w, https:\/\/www.wtcmp.com\/wp-content\/uploads\/2021\/02\/Tour-de-La-Provence7-1536x1152.jpg 1536w, https:\/\/www.wtcmp.com\/wp-content\/uploads\/2021\/02\/Tour-de-La-Provence7.jpg 1600w\" sizes=\"auto, (max-width: 1024px) 100vw, 1024px\" \/><\/figure><\/li><li class=\"wp-block-jetpack-slideshow_slide swiper-slide\"><figure><img loading=\"lazy\" decoding=\"async\" width=\"768\" height=\"1024\" alt=\"Centre de congr\u00e8s &amp; centre d&#039;affaires \u00e0 marseille et Paris\" class=\"wp-block-jetpack-slideshow_image wp-image-6792\" data-id=\"6792\" src=\"https:\/\/www.wtcmp.com\/wp-content\/uploads\/2021\/02\/Tour-de-La-Provence8-768x1024.jpg\" title=\"\" srcset=\"https:\/\/www.wtcmp.com\/wp-content\/uploads\/2021\/02\/Tour-de-La-Provence8-768x1024.jpg 768w, https:\/\/www.wtcmp.com\/wp-content\/uploads\/2021\/02\/Tour-de-La-Provence8-225x300.jpg 225w, https:\/\/www.wtcmp.com\/wp-content\/uploads\/2021\/02\/Tour-de-La-Provence8-1152x1536.jpg 1152w, https:\/\/www.wtcmp.com\/wp-content\/uploads\/2021\/02\/Tour-de-La-Provence8.jpg 1200w\" sizes=\"auto, (max-width: 768px) 100vw, 768px\" \/><\/figure><\/li><li class=\"wp-block-jetpack-slideshow_slide swiper-slide\"><figure><img loading=\"lazy\" decoding=\"async\" width=\"1024\" height=\"768\" alt=\"Centre de congr\u00e8s &amp; centre d&#039;affaires \u00e0 marseille et Paris\" class=\"wp-block-jetpack-slideshow_image wp-image-6793\" data-id=\"6793\" src=\"https:\/\/www.wtcmp.com\/wp-content\/uploads\/2021\/02\/Tour-de-La-Provence9-1024x768.jpg\" title=\"\" srcset=\"https:\/\/www.wtcmp.com\/wp-content\/uploads\/2021\/02\/Tour-de-La-Provence9-1024x768.jpg 1024w, https:\/\/www.wtcmp.com\/wp-content\/uploads\/2021\/02\/Tour-de-La-Provence9-300x225.jpg 300w, https:\/\/www.wtcmp.com\/wp-content\/uploads\/2021\/02\/Tour-de-La-Provence9-768x576.jpg 768w, https:\/\/www.wtcmp.com\/wp-content\/uploads\/2021\/02\/Tour-de-La-Provence9-1536x1153.jpg 1536w, https:\/\/www.wtcmp.com\/wp-content\/uploads\/2021\/02\/Tour-de-La-Provence9.jpg 1599w\" sizes=\"auto, (max-width: 1024px) 100vw, 1024px\" \/><\/figure><\/li><li class=\"wp-block-jetpack-slideshow_slide swiper-slide\"><figure><img loading=\"lazy\" decoding=\"async\" width=\"1024\" height=\"768\" alt=\"Centre de congr\u00e8s &amp; centre d&#039;affaires \u00e0 marseille et Paris\" class=\"wp-block-jetpack-slideshow_image wp-image-6794\" data-id=\"6794\" src=\"https:\/\/www.wtcmp.com\/wp-content\/uploads\/2021\/02\/Tour-de-La-Provence10-1024x768.jpg\" title=\"\" srcset=\"https:\/\/www.wtcmp.com\/wp-content\/uploads\/2021\/02\/Tour-de-La-Provence10-1024x768.jpg 1024w, https:\/\/www.wtcmp.com\/wp-content\/uploads\/2021\/02\/Tour-de-La-Provence10-300x225.jpg 300w, https:\/\/www.wtcmp.com\/wp-content\/uploads\/2021\/02\/Tour-de-La-Provence10-768x576.jpg 768w, https:\/\/www.wtcmp.com\/wp-content\/uploads\/2021\/02\/Tour-de-La-Provence10-1536x1152.jpg 1536w, https:\/\/www.wtcmp.com\/wp-content\/uploads\/2021\/02\/Tour-de-La-Provence10.jpg 1600w\" sizes=\"auto, (max-width: 1024px) 100vw, 1024px\" \/><\/figure><\/li><li class=\"wp-block-jetpack-slideshow_slide swiper-slide\"><figure><img loading=\"lazy\" decoding=\"async\" width=\"1024\" height=\"768\" alt=\"Centre de congr\u00e8s &amp; centre d&#039;affaires \u00e0 marseille et Paris\" class=\"wp-block-jetpack-slideshow_image wp-image-6795\" data-id=\"6795\" src=\"https:\/\/www.wtcmp.com\/wp-content\/uploads\/2021\/02\/Tour-de-La-Provence11-1024x768.jpg\" title=\"\" srcset=\"https:\/\/www.wtcmp.com\/wp-content\/uploads\/2021\/02\/Tour-de-La-Provence11-1024x768.jpg 1024w, https:\/\/www.wtcmp.com\/wp-content\/uploads\/2021\/02\/Tour-de-La-Provence11-300x225.jpg 300w, https:\/\/www.wtcmp.com\/wp-content\/uploads\/2021\/02\/Tour-de-La-Provence11-768x576.jpg 768w, https:\/\/www.wtcmp.com\/wp-content\/uploads\/2021\/02\/Tour-de-La-Provence11-1536x1152.jpg 1536w, https:\/\/www.wtcmp.com\/wp-content\/uploads\/2021\/02\/Tour-de-La-Provence11.jpg 1600w\" sizes=\"auto, (max-width: 1024px) 100vw, 1024px\" \/><\/figure><\/li><li class=\"wp-block-jetpack-slideshow_slide swiper-slide\"><figure><img loading=\"lazy\" decoding=\"async\" width=\"1024\" height=\"768\" alt=\"Centre de congr\u00e8s &amp; centre d&#039;affaires \u00e0 marseille et Paris\" class=\"wp-block-jetpack-slideshow_image wp-image-6796\" data-id=\"6796\" src=\"https:\/\/www.wtcmp.com\/wp-content\/uploads\/2021\/02\/Tour-de-La-Provence12-1024x768.jpg\" title=\"\" srcset=\"https:\/\/www.wtcmp.com\/wp-content\/uploads\/2021\/02\/Tour-de-La-Provence12-1024x768.jpg 1024w, https:\/\/www.wtcmp.com\/wp-content\/uploads\/2021\/02\/Tour-de-La-Provence12-300x225.jpg 300w, https:\/\/www.wtcmp.com\/wp-content\/uploads\/2021\/02\/Tour-de-La-Provence12-768x576.jpg 768w, https:\/\/www.wtcmp.com\/wp-content\/uploads\/2021\/02\/Tour-de-La-Provence12-1536x1152.jpg 1536w, https:\/\/www.wtcmp.com\/wp-content\/uploads\/2021\/02\/Tour-de-La-Provence12.jpg 1600w\" sizes=\"auto, (max-width: 1024px) 100vw, 1024px\" \/><\/figure><\/li><\/ul><a class=\"wp-block-jetpack-slideshow_button-prev swiper-button-prev swiper-button-white\" role=\"button\"><\/a><a class=\"wp-block-jetpack-slideshow_button-next swiper-button-next swiper-button-white\" role=\"button\"><\/a><a aria-label=\"Pause Slideshow\" class=\"wp-block-jetpack-slideshow_button-pause\" role=\"button\"><\/a><div class=\"wp-block-jetpack-slideshow_pagination swiper-pagination swiper-pagination-white\"><\/div><\/div><\/div>\n\n\n\n<figure class=\"wp-block-embed is-type-video is-provider-youtube wp-block-embed-youtube wp-embed-aspect-4-3 wp-has-aspect-ratio\"><div class=\"wp-block-embed__wrapper\">\n<iframe loading=\"lazy\" title=\"Le Tour de La Provence - 2\u00e8me \u00e9tape\" width=\"900\" height=\"675\" src=\"https:\/\/www.youtube.com\/embed\/NPMHlJHIO1M?feature=oembed\" frameborder=\"0\" allow=\"accelerometer; autoplay; clipboard-write; encrypted-media; gyroscope; picture-in-picture\" allowfullscreen><\/iframe>\n<\/div><\/figure>\n\n\n\n<p>Retrouvez toutes les infos (classement, chronos, photos&#8230;) <a href=\"http:\/\/tourdelaprovence.fr\" target=\"_blank\" aria-label=\"sur le site du Tour  (opens in a new tab)\" rel=\"noreferrer noopener\" class=\"rank-math-link\">sur le site du Tour <\/a><\/p>\n","protected":false},"excerpt":{"rendered":"<p>La course mythique dont nous sommes fiers d&#8217;avoir \u00e9t\u00e9 partenaire, avait lieu la semaine derni\u00e8re.<\/p>\n","protected":false},"author":2,"featured_media":6781,"comment_status":"open","ping_status":"open","sticky":false,"template":"","format":"standard","meta":{"footnotes":""},"categories":[113],"tags":[],"class_list":["post-6806","post","type-post","status-publish","format-standard","has-post-thumbnail","hentry","category-news"],"acf":[],"_links":{"self":[{"href":"https:\/\/www.wtcmp.com\/en\/wp-json\/wp\/v2\/posts\/6806","targetHints":{"allow":["GET"]}}],"collection":[{"href":"https:\/\/www.wtcmp.com\/en\/wp-json\/wp\/v2\/posts"}],"about":[{"href":"https:\/\/www.wtcmp.com\/en\/wp-json\/wp\/v2\/types\/post"}],"author":[{"embeddable":true,"href":"https:\/\/www.wtcmp.com\/en\/wp-json\/wp\/v2\/users\/2"}],"replies":[{"embeddable":true,"href":"https:\/\/www.wtcmp.com\/en\/wp-json\/wp\/v2\/comments?post=6806"}],"version-history":[{"count":2,"href":"https:\/\/www.wtcmp.com\/en\/wp-json\/wp\/v2\/posts\/6806\/revisions"}],"predecessor-version":[{"id":6809,"href":"https:\/\/www.wtcmp.com\/en\/wp-json\/wp\/v2\/posts\/6806\/revisions\/6809"}],"wp:featuredmedia":[{"embeddable":true,"href":"https:\/\/www.wtcmp.com\/en\/wp-json\/wp\/v2\/media\/6781"}],"wp:attachment":[{"href":"https:\/\/www.wtcmp.com\/en\/wp-json\/wp\/v2\/media?parent=6806"}],"wp:term":[{"taxonomy":"category","embeddable":true,"href":"https:\/\/www.wtcmp.com\/en\/wp-json\/wp\/v2\/categories?post=6806"},{"taxonomy":"post_tag","embeddable":true,"href":"https:\/\/www.wtcmp.com\/en\/wp-json\/wp\/v2\/tags?post=6806"}],"curies":[{"name":"wp","href":"https:\/\/api.w.org\/{rel}","templated":true}]}}